{"id":1516,"date":"2018-06-05T13:47:48","date_gmt":"2018-06-05T13:47:48","guid":{"rendered":"http:\/\/intrade.com.co\/?p=1516"},"modified":"2018-06-05T13:47:48","modified_gmt":"2018-06-05T13:47:48","slug":"1516-2","status":"publish","type":"post","link":"https:\/\/intrade.com.co\/index.php\/2018\/06\/05\/1516-2\/","title":{"rendered":"Petro y Duque de cara a la segunda vuelta: Econom\u00eda Internacional"},"content":{"rendered":"<p>Las elecciones presidenciales est\u00e1n en la puerta del horno, y mientras los colombianos deciden qui\u00e9n ser\u00e1 el presidente por los pr\u00f3ximos cuatro a\u00f1os, aqu\u00ed evaluaremos las propuestas econ\u00f3micas internacionales que se involucran directamente con el comercio exterior.<\/p>\n<p>Por una parte, el representante de la derecha colombiana por el partido Centro Democr\u00e1tico Iv\u00e1n Duque, basar\u00e1 sus propuestas de comercio exterior en crear una red de peque\u00f1os exportadores apoy\u00e1ndose en la simplificaci\u00f3n de tr\u00e1mites y la actualizaci\u00f3n digital de las plataformas para buscar abrir el mercado internacional (Portafolio, 2018). Tambi\u00e9n hace parte de sus propuestas el compromiso para convertir el turismo en el nuevo petr\u00f3leo (Garz\u00f3n, 2018). No destinar\u00e1 un nuevo ministerio para eso, sino que har\u00e1 parte del control del Ministerio de Comercio incrementando tambi\u00e9n la inversi\u00f3n y el desarrollo en aumentar estos mercados. Duque piensa fortalecer esta parte de gobierno bajo tres condiciones fundamentales:<\/p>\n<ol>\n<li>Mantenimiento por 4 a\u00f1os de los beneficios tributarios para la hoteler\u00eda.<\/li>\n<li>Impulso del turismo vivencial, ecol\u00f3gico y de aventura.<\/li>\n<li>Desarrollo de capacidad y oferta tur\u00edstica en el sur del pa\u00eds y nuestras costas.<\/li>\n<\/ol>\n<p>Y como himno bajo las alas de su campa\u00f1a, Duque quiere generar un cimiento frente a la tecnolog\u00eda; aplicando los sistemas de software no s\u00f3lo para las cuestiones de comercio exterior, sino tambi\u00e9n para \u00e1mbitos de educaci\u00f3n y salud. De esta manera pretende fortalecer las capacidades nacionales con formaci\u00f3n digital; buscando la exportaci\u00f3n de programas computacionales (Portafolio, 2018).<\/p>\n<p>Por \u00faltimo, afirm\u00f3 p\u00fablicamente que no firmar\u00eda m\u00e1s tratados de libre comercio durante su periodo presidencial y en cambio, quiere aprovechar las relaciones establecidas para llegar a muchos m\u00e1s mercados.<\/p>\n<p>Del otro lado se encuentra Gustavo Petro representante de la Colombia Humana en busca de la presidencia, quien en temas de comercio exterior fundamenta principalmente la renegociaci\u00f3n de los tratados de libre comercio, sobre todo las cl\u00e1usulas de protecci\u00f3n de la inversi\u00f3n que implican renuncia de la soberan\u00eda colombiana. Es decir, sin perder el control de sus recursos naturales, las zonas rurales, o donde se vean temas de riesgo como tierras que fueron expropiadas de manos de los campesinos. Y por \u00faltimo, desea que estos tratados de libre comercio est\u00e9n basados en alianzas con los empresarios de peque\u00f1as y medianas empresas del pa\u00eds. Consider\u00e1ndolo como una defensa al desarrollo industrial del pa\u00eds con medidas que equilibren la balanza comercial, protejan el mercado interno y garanticen la participaci\u00f3n efectiva en mercados internacionales (Portafolio, 2018). Enfoc\u00e1ndose principalmente en las relaciones con Am\u00e9rica Latina y el Caribe.<\/p>\n<p>Tambi\u00e9n tiene un alto perfil de exigencia frente a estas relaciones internacionales, pues con ellas primero se tendr\u00e1n en cuenta la protecci\u00f3n del medio ambiente, la lucha contra el cambio clim\u00e1tico, y la transici\u00f3n del abuso de la extracci\u00f3n de minerales y petr\u00f3leo a una econom\u00eda m\u00e1s verde, agr\u00edcola, y renovable. Es decir, har\u00e1 un \u00a0incremento de la inversi\u00f3n ambiental, a la ciencia y a la tecnolog\u00eda, para estimular cambios tecnol\u00f3gicos y la gesti\u00f3n de la biodiversidad. Pero a pesar de dichas exigencias, seguir\u00e1 con el modelo capitalista del mercado buscando modificar las prioridades econ\u00f3micas de los hidrocarburos a la agricultura, priorizando el mercado interno como estrategia industrial y transformando el pa\u00eds de lo extractivo a una producci\u00f3n modernizada del sector agrario\u00a0(Gustavo Petro, 2018).<\/p>\n<p>Finalmente los candidatos coinciden en un sistema importante para evitar la evasi\u00f3n de impuestos y elusi\u00f3n tributaria por medio de las facturas electr\u00f3nicas; para Gustavo Petro un instrumento universal y obligatorio, mientras que para Duque est\u00e1 pensada para ser usada especialmente en el sistema de salud, y como incentivo en algunas industrias especiales.<\/p>\n<p><strong>Bibliograf\u00eda<\/strong><\/p>\n<p>Garz\u00f3n, D. (2018). <em>\u2018Me voy a comprometer a que el turismo sea el nuevo petr\u00f3leo de Colombia\u2019<\/em>. Obtenido de Canal 1: https:\/\/canal1.com.co\/noticias\/nacional\/me-voy-comprometer-turismo-sea-nuevo-petroleo-colombia-ivan-duque\/<\/p>\n<p>Gustavo Petro. (2018). <em>RELACIONES INTERNACIONALES PARA LA SEGURIDAD HUMANA Y LA PAZ<\/em>. Obtenido de Petro Presidente: https:\/\/petro.com.co\/programa-relaciones-internacionales\/<\/p>\n<p>Portafolio. (2018). <em>La propuesta en comercio exterior de Iv\u00e1n Duque<\/em>. Obtenido de Revista Portafolio: http:\/\/www.portafolio.co\/economia\/la-propuesta-en-comercio-exterior-de-ivan-duque-516463<\/p>\n<p>Portafolio. (2018). <em>La propuesta en industria de Gustavo Petro<\/em>. Obtenido de Revista Portafolio: http:\/\/www.portafolio.co\/economia\/la-propuesta-en-industria-de-gustavo-petro-516352<\/p>\n","protected":false},"excerpt":{"rendered":"<p>Las elecciones presidenciales est\u00e1n en la puerta del horno, y mientras los colombianos deciden qui\u00e9n ser\u00e1 el presidente por los pr\u00f3ximos cuatro a\u00f1os, aqu\u00ed evaluaremos las propuestas econ\u00f3micas internacionales que se involucran directamente con el comercio exterior. Por una parte, el representante de la derecha colombiana por el partido Centro Democr\u00e1tico Iv\u00e1n Duque, basar\u00e1 sus &hellip;<\/p>\n<p class=\"read-more\"> <a class=\"\" href=\"https:\/\/intrade.com.co\/index.php\/2018\/06\/05\/1516-2\/\"> <span class=\"screen-reader-text\">Petro y Duque de cara a la segunda vuelta: Econom\u00eda Internacional<\/span> Leer m\u00e1s &raquo;<\/a><\/p>\n","protected":false},"author":18,"featured_media":1517,"comment_status":"open","ping_status":"open","sticky":false,"template":"","format":"standard","meta":{"site-sidebar-layout":"default","site-content-layout":"","ast-site-content-layout":"","site-content-style":"default","site-sidebar-style":"default","ast-global-header-display":"","ast-banner-title-visibility":"","ast-main-header-display":"","ast-hfb-above-header-display":"","ast-hfb-below-header-display":"","ast-hfb-mobile-header-display":"","site-post-title":"","ast-breadcrumbs-content":"","ast-featured-img":"","footer-sml-layout":"","theme-transparent-header-meta":"","adv-header-id-meta":"","stick-header-meta":"","header-above-stick-meta":"","header-main-stick-meta":"","header-below-stick-meta":"","astra-migrate-meta-layouts":"","ast-page-background-enabled":"default","ast-page-background-meta":{"desktop":{"background-color":"var(--ast-global-color-4)","background-image":"","background-repeat":"repeat","background-position":"center center","background-size":"auto","background-attachment":"scroll","background-type":"","background-media":"","overlay-type":"","overlay-color":"","overlay-gradient":""},"tablet":{"background-color":"","background-image":"","background-repeat":"repeat","background-position":"center center","background-size":"auto","background-attachment":"scroll","background-type":"","background-media":"","overlay-type":"","overlay-color":"","overlay-gradient":""},"mobile":{"background-color":"","background-image":"","background-repeat":"repeat","background-position":"center center","background-size":"auto","background-attachment":"scroll","background-type":"","background-media":"","overlay-type":"","overlay-color":"","overlay-gradient":""}},"ast-content-background-meta":{"desktop":{"background-color":"var(--ast-global-color-5)","background-image":"","background-repeat":"repeat","background-position":"center center","background-size":"auto","background-attachment":"scroll","background-type":"","background-media":"","overlay-type":"","overlay-color":"","overlay-gradient":""},"tablet":{"background-color":"var(--ast-global-color-5)","background-image":"","background-repeat":"repeat","background-position":"center center","background-size":"auto","background-attachment":"scroll","background-type":"","background-media":"","overlay-type":"","overlay-color":"","overlay-gradient":""},"mobile":{"background-color":"var(--ast-global-color-5)","background-image":"","background-repeat":"repeat","background-position":"center center","background-size":"auto","background-attachment":"scroll","background-type":"","background-media":"","overlay-type":"","overlay-color":"","overlay-gradient":""}},"footnotes":""},"categories":[3],"tags":[141,142,143,144,145,146,19,147,39,148,149,150,151,152,64,153],"_links":{"self":[{"href":"https:\/\/intrade.com.co\/index.php\/wp-json\/wp\/v2\/posts\/1516"}],"collection":[{"href":"https:\/\/intrade.com.co\/index.php\/wp-json\/wp\/v2\/posts"}],"about":[{"href":"https:\/\/intrade.com.co\/index.php\/wp-json\/wp\/v2\/types\/post"}],"author":[{"embeddable":true,"href":"https:\/\/intrade.com.co\/index.php\/wp-json\/wp\/v2\/users\/18"}],"replies":[{"embeddable":true,"href":"https:\/\/intrade.com.co\/index.php\/wp-json\/wp\/v2\/comments?post=1516"}],"version-history":[{"count":0,"href":"https:\/\/intrade.com.co\/index.php\/wp-json\/wp\/v2\/posts\/1516\/revisions"}],"wp:featuredmedia":[{"embeddable":true,"href":"https:\/\/intrade.com.co\/index.php\/wp-json\/wp\/v2\/media\/1517"}],"wp:attachment":[{"href":"https:\/\/intrade.com.co\/index.php\/wp-json\/wp\/v2\/media?parent=1516"}],"wp:term":[{"taxonomy":"category","embeddable":true,"href":"https:\/\/intrade.com.co\/index.php\/wp-json\/wp\/v2\/categories?post=1516"},{"taxonomy":"post_tag","embeddable":true,"href":"https:\/\/intrade.com.co\/index.php\/wp-json\/wp\/v2\/tags?post=1516"}],"curies":[{"name":"wp","href":"https:\/\/api.w.org\/{rel}","templated":true}]}}